{"id":2938,"date":"2025-11-06T08:49:00","date_gmt":"2025-11-06T07:49:00","guid":{"rendered":"https:\/\/vg-mauern.de\/mauern\/?p=2938"},"modified":"2025-11-06T12:56:15","modified_gmt":"2025-11-06T11:56:15","slug":"flohmarkt","status":"publish","type":"post","link":"https:\/\/vg-mauern.de\/mauern\/flohmarkt\/","title":{"rendered":"Flohmarkt in Mauern"},"content":{"rendered":"\n<p>Der Flohmarkt in Mauern findet zu den nachfolgend genannten Terminen statt: 12.04.2026 \/ 03.05.2026 \/ 07.06.2025 \/ 05.07.2026 \/ 06.09.2026 \/ 04.10.2026 mit Ausweichtermin bei schlechtem Wetter voraussichtlich 11.10.2026.<\/p>\n\n\n\n<p>Am 26.07.2026 findet der Baby- und Kinderflohmarkt statt. Ausweichtermin hierf\u00fcr ist der 02.08.2026. Eine Anmeldung (Donnerstag\/Freitag\/Samstag zwischen 10:00 und 13:00 Uhr, 0151 11 78 31 50) ist hierf\u00fcr zwingend erforderlich.<\/p>\n\n\n\n<p>Alle Kunden, Verk\u00e4ufer und Helfer betreten den Veranstaltungsort (Parkplatz an der Mehrzweckhalle) ausdr\u00fccklich auf eigene Gefahr. Der Verkauf s\u00e4mtlicher auf dem Flohmarkt angebotenen Waren erfolgt ohne jegliche Garantie und Gew\u00e4hrleistung, ohne Umtauschrecht und unter Ausschluss der Sachm\u00e4ngelhaftung.<\/p>\n\n\n\n<p>Wenn Sie Fragen haben, setzen Sie sich bitte mit dem Veranstalter, Herrn Schier, unter der Mobilfunk-Nummer 0151 11 78 31 50 in Verbindung.<\/p>\n\n\n\n<p><\/p>\n\n\n\n<p><\/p>\n","protected":false},"excerpt":{"rendered":"<p>Der Flohmarkt in Mauern findet zu den nachfolgend genannten Terminen statt: 12.04.2026 \/ 03.05.2026 \/ 07.06.2025 \/ 05.07.2026 \/ 06.09.2026 \/ 04.10.2026 mit Ausweichtermin bei schlechtem Wetter voraussichtlich 11.10.2026. Am 26.07.2026 findet der Baby- und Kinderflohmarkt statt. Ausweichtermin hierf\u00fcr ist der 02.08.2026. Eine Anmeldung (Donnerstag\/Freitag\/Samstag zwischen 10:00 und 13:00 Uhr, 0151 11 78 31 50) [&hellip;]<\/p>\n","protected":false},"author":5,"featured_media":0,"comment_status":"open","ping_status":"open","sticky":false,"template":"","format":"standard","meta":{"footnotes":""},"categories":[5],"tags":[],"class_list":["post-2938","post","type-post","status-publish","format-standard","hentry","category-news"],"publishpress_future_action":{"enabled":false,"date":"2026-05-03 14:51:05","action":"change-status","newStatus":"draft","terms":[],"taxonomy":"category","extraData":[]},"publishpress_future_workflow_manual_trigger":{"enabledWorkflows":[]},"_links":{"self":[{"href":"https:\/\/vg-mauern.de\/mauern\/wp-json\/wp\/v2\/posts\/2938","targetHints":{"allow":["GET"]}}],"collection":[{"href":"https:\/\/vg-mauern.de\/mauern\/wp-json\/wp\/v2\/posts"}],"about":[{"href":"https:\/\/vg-mauern.de\/mauern\/wp-json\/wp\/v2\/types\/post"}],"author":[{"embeddable":true,"href":"https:\/\/vg-mauern.de\/mauern\/wp-json\/wp\/v2\/users\/5"}],"replies":[{"embeddable":true,"href":"https:\/\/vg-mauern.de\/mauern\/wp-json\/wp\/v2\/comments?post=2938"}],"version-history":[{"count":10,"href":"https:\/\/vg-mauern.de\/mauern\/wp-json\/wp\/v2\/posts\/2938\/revisions"}],"predecessor-version":[{"id":4153,"href":"https:\/\/vg-mauern.de\/mauern\/wp-json\/wp\/v2\/posts\/2938\/revisions\/4153"}],"wp:attachment":[{"href":"https:\/\/vg-mauern.de\/mauern\/wp-json\/wp\/v2\/media?parent=2938"}],"wp:term":[{"taxonomy":"category","embeddable":true,"href":"https:\/\/vg-mauern.de\/mauern\/wp-json\/wp\/v2\/categories?post=2938"},{"taxonomy":"post_tag","embeddable":true,"href":"https:\/\/vg-mauern.de\/mauern\/wp-json\/wp\/v2\/tags?post=2938"}],"curies":[{"name":"wp","href":"https:\/\/api.w.org\/{rel}","templated":true}]}}