{"id":4462,"date":"2026-04-09T10:03:38","date_gmt":"2026-04-09T08:03:38","guid":{"rendered":"https:\/\/vg-mauern.de\/mauern\/?p=4462"},"modified":"2026-04-09T10:05:30","modified_gmt":"2026-04-09T08:05:30","slug":"bekanntmachung-fahrradabstellplatzsatzung","status":"publish","type":"post","link":"https:\/\/vg-mauern.de\/mauern\/bekanntmachung-fahrradabstellplatzsatzung\/","title":{"rendered":"Bekanntmachung Fahrradabstellplatzsatzung"},"content":{"rendered":"<div>\n<p>Die Gemeinde Mauern hat auf Grund des Art. 23 der Gemeindeordnung und Art. 81 Abs. 1 Nr. 4 der Bayerischen Bauordnung die Satzung \u00fcber die Pflicht zur Herstellung von Fahrradabstellpl\u00e4tzen erlassen.<\/p>\n<\/div>\n<p>\n    <a href=\"\/mauern\/wp-content\/uploads\/sites\/2\/2026\/04\/Bekanntmachung-Fahrradabstellplatzsatzung.pdf\">Die vollst\u00e4ndige Bekanntmachung finden SIe hier<\/a>\n<\/p>\n<hr>\n<p><!--more--><br \/>\n<!-- {\"type\":\"layout\",\"children\":[{\"type\":\"section\",\"props\":{\"image_position\":\"center-center\",\"padding\":\"small\",\"padding_remove_bottom\":true,\"style\":\"default\",\"title_breakpoint\":\"xl\",\"title_position\":\"top-left\",\"title_rotation\":\"left\",\"vertical_align\":\"\",\"width\":\"default\"},\"children\":[{\"type\":\"row\",\"children\":[{\"type\":\"column\",\"props\":{\"image_position\":\"center-center\",\"position_sticky_breakpoint\":\"m\",\"width_medium\":\"1-1\"},\"children\":[{\"type\":\"breadcrumbs\",\"props\":{\"show_current\":true,\"show_home\":true}}]}]}]},{\"type\":\"section\",\"props\":{\"image_position\":\"center-center\",\"padding\":\"xsmall\",\"padding_remove_top\":false,\"style\":\"default\",\"title_breakpoint\":\"xl\",\"title_position\":\"top-left\",\"title_rotation\":\"left\",\"vertical_align\":\"\",\"width\":\"default\"},\"children\":[{\"type\":\"row\",\"children\":[{\"type\":\"column\",\"props\":{\"image_position\":\"center-center\",\"position_sticky_breakpoint\":\"m\"},\"children\":[{\"type\":\"text\",\"props\":{\"column_breakpoint\":\"m\",\"content\":\"\n\n<p>Die Gemeinde Mauern hat auf Grund des Art. 23 der Gemeindeordnung und Art. 81 Abs. 1 Nr. 4 der Bayerischen Bauordnung die Satzung \\u00fcber die Pflicht zur Herstellung von Fahrradabstellpl\\u00e4tzen erlassen.<\\\/p>\",\"margin\":\"default\"}},{\"type\":\"button\",\"props\":{\"grid_column_gap\":\"small\",\"grid_row_gap\":\"small\",\"margin\":\"default\"},\"children\":[{\"type\":\"button_item\",\"props\":{\"button_style\":\"default\",\"content\":\"Die vollst\\u00e4ndige Bekanntmachung finden SIe hier\",\"icon_align\":\"left\",\"link\":\"wp-content\\\/uploads\\\/sites\\\/2\\\/2026\\\/04\\\/Bekanntmachung-Fahrradabstellplatzsatzung.pdf\"}}]}]}]},{\"type\":\"row\",\"children\":[{\"type\":\"column\",\"props\":{\"image_position\":\"center-center\",\"position_sticky_breakpoint\":\"m\"},\"children\":[{\"type\":\"divider\",\"props\":{\"divider_element\":\"hr\",\"margin\":\"medium\"}}]}]},{\"type\":\"row\",\"props\":{\"layout\":\"2-5,3-5\"},\"children\":[{\"type\":\"column\",\"props\":{\"image_position\":\"center-center\",\"position_sticky_breakpoint\":\"m\",\"width_medium\":\"2-5\"}},{\"type\":\"column\",\"props\":{\"image_position\":\"center-center\",\"position_sticky_breakpoint\":\"m\",\"width_medium\":\"3-5\"}}]}],\"name\":\"Beitragsinhalt\"}],\"version\":\"4.4.16\"} --><\/p>\n","protected":false},"excerpt":{"rendered":"<p>Die Gemeinde Mauern hat auf Grund des Art. 23 der Gemeindeordnung und Art. 81 Abs. 1 Nr. 4 der Bayerischen Bauordnung die Satzung \u00fcber die Pflicht zur Herstellung von Fahrradabstellpl\u00e4tzen erlassen. Die vollst\u00e4ndige Bekanntmachung finden SIe hier<\/p>\n","protected":false},"author":5,"featured_media":0,"comment_status":"open","ping_status":"open","sticky":false,"template":"","format":"standard","meta":{"footnotes":""},"categories":[5],"tags":[],"class_list":["post-4462","post","type-post","status-publish","format-standard","hentry","category-news"],"publishpress_future_action":{"enabled":true,"date":"2026-05-09 09:59:58","action":"change-status","newStatus":"draft","terms":[0],"taxonomy":"category","extraData":[]},"publishpress_future_workflow_manual_trigger":{"enabledWorkflows":[]},"_links":{"self":[{"href":"https:\/\/vg-mauern.de\/mauern\/wp-json\/wp\/v2\/posts\/4462","targetHints":{"allow":["GET"]}}],"collection":[{"href":"https:\/\/vg-mauern.de\/mauern\/wp-json\/wp\/v2\/posts"}],"about":[{"href":"https:\/\/vg-mauern.de\/mauern\/wp-json\/wp\/v2\/types\/post"}],"author":[{"embeddable":true,"href":"https:\/\/vg-mauern.de\/mauern\/wp-json\/wp\/v2\/users\/5"}],"replies":[{"embeddable":true,"href":"https:\/\/vg-mauern.de\/mauern\/wp-json\/wp\/v2\/comments?post=4462"}],"version-history":[{"count":3,"href":"https:\/\/vg-mauern.de\/mauern\/wp-json\/wp\/v2\/posts\/4462\/revisions"}],"predecessor-version":[{"id":4466,"href":"https:\/\/vg-mauern.de\/mauern\/wp-json\/wp\/v2\/posts\/4462\/revisions\/4466"}],"wp:attachment":[{"href":"https:\/\/vg-mauern.de\/mauern\/wp-json\/wp\/v2\/media?parent=4462"}],"wp:term":[{"taxonomy":"category","embeddable":true,"href":"https:\/\/vg-mauern.de\/mauern\/wp-json\/wp\/v2\/categories?post=4462"},{"taxonomy":"post_tag","embeddable":true,"href":"https:\/\/vg-mauern.de\/mauern\/wp-json\/wp\/v2\/tags?post=4462"}],"curies":[{"name":"wp","href":"https:\/\/api.w.org\/{rel}","templated":true}]}}