{"id":125,"date":"2022-03-23T16:08:22","date_gmt":"2022-03-23T15:08:22","guid":{"rendered":"https:\/\/demo.vg-mauern.de\/wang\/?p=125"},"modified":"2022-03-23T16:14:11","modified_gmt":"2022-03-23T15:14:11","slug":"9-aenderung-des-flaechennutzungsplanes-der-gemeinde-wang-fuer-den-vorhabenbezogenen-bebauungsplan-so-pv-freiflaechenanlage-uppenbornwerk-1-nr-105","status":"publish","type":"post","link":"https:\/\/vg-mauern.de\/wang\/9-aenderung-des-flaechennutzungsplanes-der-gemeinde-wang-fuer-den-vorhabenbezogenen-bebauungsplan-so-pv-freiflaechenanlage-uppenbornwerk-1-nr-105\/","title":{"rendered":"9. \u00c4nderung des Fl\u00e4chennutzungsplanes der Gemeinde Wang f\u00fcr den  vorhabenbezogenen Bebauungsplan &#8222;SO PV-Freifl\u00e4chenanlage Uppenbornwerk  1&#8220; (Nr. 105)"},"content":{"rendered":"\n<figure class=\"wp-block-gallery has-nested-images columns-default is-cropped wp-block-gallery-1 is-layout-flex wp-block-gallery-is-layout-flex\">\n<figure class=\"wp-block-image size-full\"><img loading=\"lazy\" decoding=\"async\" width=\"591\" height=\"616\" data-id=\"127\" src=\"https:\/\/demo.vg-mauern.de\/wang\/wp-content\/uploads\/sites\/3\/2022\/03\/9_105.jpg\" alt=\"\" class=\"wp-image-127\" srcset=\"https:\/\/vg-mauern.de\/wang\/wp-content\/uploads\/sites\/3\/2022\/03\/9_105.jpg 591w, https:\/\/vg-mauern.de\/wang\/wp-content\/uploads\/sites\/3\/2022\/03\/9_105-288x300.jpg 288w\" sizes=\"auto, (max-width: 591px) 100vw, 591px\" \/><\/figure>\n\n\n\n<figure class=\"wp-block-image size-full\"><img loading=\"lazy\" decoding=\"async\" width=\"585\" height=\"571\" data-id=\"126\" src=\"https:\/\/demo.vg-mauern.de\/wang\/wp-content\/uploads\/sites\/3\/2022\/03\/10_105.jpg\" alt=\"\" class=\"wp-image-126\" srcset=\"https:\/\/vg-mauern.de\/wang\/wp-content\/uploads\/sites\/3\/2022\/03\/10_105.jpg 585w, https:\/\/vg-mauern.de\/wang\/wp-content\/uploads\/sites\/3\/2022\/03\/10_105-300x293.jpg 300w\" sizes=\"auto, (max-width: 585px) 100vw, 585px\" \/><\/figure>\n<\/figure>\n\n\n\n<p>Anlass f\u00fcr die 9. \u00c4nderung des Fl\u00e4chennutzungsplanes&nbsp; \u201eSO PV-Freifl\u00e4chenanlage Uppenbornwerk 1\u201c und Aufstellung des vorhabenbezogenen Bebauungsplanes \u201eSO PV-Freifl\u00e4chenanlage Uppenbornwerk 1\u201c (Nr. 105) ist die Erzeugung regenerativer Energien im Gemeindegebiet weiter zu st\u00e4rken und zu entwickeln.<\/p>\n\n\n\n<p>Die Gesamtfl\u00e4che f\u00fcr das geplante Sondergebiet betr\u00e4gt innerhalb des Geltungsbereiches<\/p>\n\n\n\n<p>55.992 m\u00b2 und umfasst die Flurst\u00fccke der Gemarkung Volkmannsdorferau, Gemeinde Wang:<\/p>\n\n\n\n<p>Fl.Nr. 642, Fl.Nr. 629 Teilfl\u00e4che, Fl.Nr. 630 Teilfl\u00e4che,<\/p>\n\n\n\n<p>Fl.Nr. 632 Teilfl\u00e4che, Fl.Nr. 633 Teilfl\u00e4che<\/p>\n\n\n\n<p>Bei dem Planungsgebiet handelt es sich um Fl\u00e4chen f\u00fcr die Landwirtschaft, welche sich neben der Autobahn A 92 befinden. Die Autobahn verbindet M\u00fcnchen mit Deggendorf.<\/p>\n\n\n\n<p>Die 9. \u00c4nderung des Fl\u00e4chennutzungsplanes und die Aufstellung des vorhabenbezogenen Bebauungsplanes \u201eSO PV-Freifl\u00e4chenanlage Uppenbornwerk 1\u201c (Nr. 105) erfolgte im Parallelverfahren nach \u00a7 8 Abs. 3 BauGB.<\/p>\n\n\n\n<p>Der Fl\u00e4chennutzungsplan und die Satzung sind mit Bekanntgabe am 15.03.2021 in Kraft getreten.<\/p>\n\n\n\n<p><strong>Downloads:<\/strong><br><a href=\"\/wp-content\/uploads\/sites\/3\/2022\/03\/1_b_plan_begruendung_umweltbericht.pdf\" data-type=\"URL\" data-id=\"\/wp-content\/uploads\/sites\/3\/2022\/03\/1_b_plan_begruendung_umweltbericht.pdf\" target=\"_blank\" rel=\"noreferrer noopener\">Bebauungsplan &#8211; Begr\u00fcndung mit Umweltbericht<\/a><br><a href=\"\/wp-content\/uploads\/sites\/3\/2022\/03\/2_b_plan_genehmigt.pdf\" data-type=\"URL\" data-id=\"\/wp-content\/uploads\/sites\/3\/2022\/03\/2_b_plan_genehmigt.pdf\" target=\"_blank\" rel=\"noreferrer noopener\">Bebauungsplan genehmigt<\/a><br><a href=\"\/wp-content\/uploads\/sites\/3\/2022\/03\/3_flaechennutzungsplan.pdf\" data-type=\"URL\" data-id=\"\/wp-content\/uploads\/sites\/3\/2022\/03\/3_flaechennutzungsplan.pdf\" target=\"_blank\" rel=\"noreferrer noopener\">Fl\u00e4chennutzungsplan<\/a><br><a href=\"\/wp-content\/uploads\/sites\/3\/2022\/03\/4_vertraeglichkeitsabschaetzung.pdf\" data-type=\"URL\" data-id=\"\/wp-content\/uploads\/sites\/3\/2022\/03\/4_vertraeglichkeitsabschaetzung.pdf\" target=\"_blank\" rel=\"noreferrer noopener\">Vertr\u00e4glichkeitsabsch\u00e4tzung<\/a><br><a href=\"\/wp-content\/uploads\/sites\/3\/2022\/03\/5_blendgutachten.pdf\" data-type=\"URL\" data-id=\"\/wp-content\/uploads\/sites\/3\/2022\/03\/5_blendgutachten.pdf\" target=\"_blank\" rel=\"noreferrer noopener\">Blendgutachten<\/a><br><a href=\"\/wp-content\/uploads\/sites\/3\/2022\/03\/6_satzungsbeschluss.pdf\" data-type=\"URL\" data-id=\"\/wp-content\/uploads\/sites\/3\/2022\/03\/6_satzungsbeschluss.pdf\" target=\"_blank\" rel=\"noreferrer noopener\">Satzungsbeschluss<\/a><br><a href=\"\/wp-content\/uploads\/sites\/3\/2022\/03\/7_feststellungsbeschluss.pdf\" data-type=\"URL\" data-id=\"\/wp-content\/uploads\/sites\/3\/2022\/03\/7_feststellungsbeschluss.pdf\" target=\"_blank\" rel=\"noreferrer noopener\">Feststellungsbeschluss<\/a><br><a href=\"\/wp-content\/uploads\/sites\/3\/2022\/03\/8_zusammenfassende_erklaerung.pdf\" data-type=\"URL\" data-id=\"\/wp-content\/uploads\/sites\/3\/2022\/03\/8_zusammenfassende_erklaerung.pdf\" target=\"_blank\" rel=\"noreferrer noopener\">zusammenfassende Erkl\u00e4rung<\/a><\/p>\n","protected":false},"excerpt":{"rendered":"<p>Anlass f\u00fcr die 9. \u00c4nderung des Fl\u00e4chennutzungsplanes&nbsp; \u201eSO PV-Freifl\u00e4chenanlage Uppenbornwerk 1\u201c und Aufstellung des vorhabenbezogenen Bebauungsplanes \u201eSO PV-Freifl\u00e4chenanlage Uppenbornwerk 1\u201c (Nr. 105) ist die Erzeugung regenerativer Energien im Gemeindegebiet weiter zu st\u00e4rken und zu entwickeln. Die Gesamtfl\u00e4che f\u00fcr das geplante Sondergebiet betr\u00e4gt innerhalb des Geltungsbereiches 55.992 m\u00b2 und umfasst die Flurst\u00fccke der Gemarkung Volkmannsdorferau, Gemeinde [&hellip;]<\/p>\n","protected":false},"author":1,"featured_media":0,"comment_status":"closed","ping_status":"open","sticky":false,"template":"","format":"standard","meta":{"footnotes":""},"categories":[7,6],"tags":[],"class_list":["post-125","post","type-post","status-publish","format-standard","hentry","category-bebauungsplaene","category-flaechennutzungsplaene"],"publishpress_future_action":{"enabled":false,"date":"2026-05-06 23:24:03","action":"change-status","newStatus":"draft","terms":[],"taxonomy":"category","extraData":[]},"publishpress_future_workflow_manual_trigger":{"enabledWorkflows":[]},"_links":{"self":[{"href":"https:\/\/vg-mauern.de\/wang\/wp-json\/wp\/v2\/posts\/125","targetHints":{"allow":["GET"]}}],"collection":[{"href":"https:\/\/vg-mauern.de\/wang\/wp-json\/wp\/v2\/posts"}],"about":[{"href":"https:\/\/vg-mauern.de\/wang\/wp-json\/wp\/v2\/types\/post"}],"author":[{"embeddable":true,"href":"https:\/\/vg-mauern.de\/wang\/wp-json\/wp\/v2\/users\/1"}],"replies":[{"embeddable":true,"href":"https:\/\/vg-mauern.de\/wang\/wp-json\/wp\/v2\/comments?post=125"}],"version-history":[{"count":1,"href":"https:\/\/vg-mauern.de\/wang\/wp-json\/wp\/v2\/posts\/125\/revisions"}],"predecessor-version":[{"id":136,"href":"https:\/\/vg-mauern.de\/wang\/wp-json\/wp\/v2\/posts\/125\/revisions\/136"}],"wp:attachment":[{"href":"https:\/\/vg-mauern.de\/wang\/wp-json\/wp\/v2\/media?parent=125"}],"wp:term":[{"taxonomy":"category","embeddable":true,"href":"https:\/\/vg-mauern.de\/wang\/wp-json\/wp\/v2\/categories?post=125"},{"taxonomy":"post_tag","embeddable":true,"href":"https:\/\/vg-mauern.de\/wang\/wp-json\/wp\/v2\/tags?post=125"}],"curies":[{"name":"wp","href":"https:\/\/api.w.org\/{rel}","templated":true}]}}