{"id":1268,"date":"2022-12-08T09:12:44","date_gmt":"2022-12-08T08:12:44","guid":{"rendered":"https:\/\/demo.vg-mauern.de\/wang\/?p=1268"},"modified":"2025-10-22T12:06:31","modified_gmt":"2025-10-22T10:06:31","slug":"soziales-migration","status":"publish","type":"post","link":"https:\/\/vg-mauern.de\/wang\/soziales-migration\/","title":{"rendered":"Soziales &#038; Asyl"},"content":{"rendered":"<h1>\n<p class=\"uk-article-title\">Soziales &amp; Asyl<\/p>\n<\/h1>\n<h1>\n<p>Haben Sie Fragen zum Thema Asyl oder zum Thema Ehrenamt in der Gemeinde Wang? <br \/>Zahlreiche Informationen finden Sie hier:<\/p>\n<\/h1>\n<div>\n<div>\n<p><a href=\"https:\/\/www.kreis-freising.de\/buergerservice\/themen\/ehrenamt\/ehrenamtskoordination.html\">Koordinierungsstelle Ehrenamt im Landkreis Freising<\/a><\/p>\n<\/div>\n<\/div>\n<div>\n<h3>Bei Belange in <strong>Asylbewerberunterk\u00fcnften:<\/strong><\/h3>\n<p><a href=\"mailto:sozialamt.asyl@kreis-fs.de\"><\/p>\n<p>sozialamt.asyl@kreis-fs.de<\/p>\n<p><\/a><\/p>\n<\/div>\n<ul>\n<li>\n<p><a href=\"https:\/\/www.refugio-muenchen.de\/ukraine\/\"><\/p>\n<p>Informationen zur psychosozialen Unterst\u00fctzung von Gefl\u00fcchteten<\/p>\n<p><\/a><\/p>\n<\/li>\n<li>\n<p><a href=\"\/wang\/wp-content\/uploads\/sites\/3\/2022\/12\/2022_03_22_aktuelle_Informationen_zum_Arbeitsmarktzugang_fr_Flchtlinge_aus_der_Ukraine.pdf\"><\/p>\n<p>Arbeitsmarktzugang f\u00fcr Fl\u00fcchtlinge aus der Ukraine<\/p>\n<p><\/a><\/p>\n<\/li>\n<li>\n<p><a href=\"https:\/\/www.kreis-freising.de\/aktuelle-informationen-zur-ukraine-krise.html\"><\/p>\n<p>Landratsamt FS zur Ukrainekrise f\u00fcr Gefl\u00fcchtete und Helfer, deutsch und ukrainisch<\/p>\n<p><\/a><\/p>\n<\/li>\n<li>\n<p><a href=\"\/wang\/wp-content\/uploads\/sites\/3\/2022\/12\/Fluechtlingshilfe_Deutschheft_Ukrainisch.pdf\"><\/p>\n<p>Deutschlernheft f\u00fcr Ukrainer vom Verein Fl\u00fcchtlingshilfe M\u00fcnchen<\/p>\n<p><\/a><\/p>\n<\/li>\n<li>\n<p><a href=\"https:\/\/www.freising-hilft.de\/infos-und-news\/kostenloser-ukrainisch-deutsch-sprachfuehrer\/\"><\/p>\n<p>Sprachf\u00fchrer zum Download Ukrainisch-Deutsch f\u00fcr 1 Cent sowohl f\u00fcr Fl\u00fcchtlinge als auch f\u00fcr Helfer<\/p>\n<p><\/a><\/p>\n<\/li>\n<li>\n<div>\n<p><a href=\"https:\/\/www.caritas-biq-freising.de\/de\/rentabel-gebrauchtwarenhaus\">Sachspenden an Tante Emma e.V. in Moosburg, Rentabel\/Caritas in Freising<\/a> oder <a href=\"https:\/\/www.diakonie-arbeit-la.de\/\">Hab &amp; Gut\/Diakonie in Landshut<\/a><\/p>\n<\/div>\n<\/li>\n<li>\n<p><a href=\"\/wang\/wp-content\/uploads\/sites\/3\/2022\/12\/Information_fuer_Ehrenamtliche_in_der_Asylarbeit_02122019.pdf\"><\/p>\n<p>Leitfaden f\u00fcr Ehrenamtliche Fl\u00fcchtlingsbetreuung Landkreis Freising<\/p>\n<p><\/a><\/p>\n<\/li>\n<\/ul>\n<ul>\n<li>\n<div>\n<p>Informationen zur <strong>Zeugnisanerkennung <\/strong>und der <strong>Anerkennung von Berufsabschl\u00fcssen<\/strong> finden Sie unter:<\/p>\n<\/div>\n<\/li>\n<li>\n<p><a href=\"https:\/\/www.las.bayern.de\/zeugnisanerkennung\/zeugnisanerkennung.html\"><\/p>\n<p>Zeugnisanerkennung (bayern.de)<\/p>\n<p><\/a><\/p>\n<\/li>\n<li>\n<p><a href=\"https:\/\/www.las.bayern.de\/zeugnisanerkennung\/berufliche_abschluesse\/berufliche_abschluesse.html\"><\/p>\n<p>Berufliche Abschl\u00fcsse (bayern.de)<\/p>\n<p><\/a><\/p>\n<\/li>\n<li>\n<p><a href=\"https:\/\/www.ihk-muenchen.de\/berufsanerkennung\/\"><\/p>\n<p>Anerkennung ausl\u00e4ndischer Berufsabschl\u00fcsse (ihk-muenchen.de)<\/p>\n<p><\/a><\/p>\n<\/li>\n<\/ul>\n<hr>\n<ul>\n<li>\n<p><a href=\"https:\/\/kreis-freising.de\/buergerservice\/themen\/ehrenamt.html\"><\/p>\n<p>Ehrenamtskoordination im Landratsamt Freising<\/p>\n<p><\/a><\/p>\n<\/li>\n<li>\n<p><a href=\"\/wang\/wp-content\/uploads\/sites\/3\/2024\/07\/Helferkreis-Asyl-Ansprechpartner.pdf\"><\/p>\n<p>Helferkreis Asyl Wang<\/p>\n<p><\/a><\/p>\n<\/li>\n<li>\n<p><a href=\"https:\/\/www.kreis-freising.de\/buergerservice\/themen\/asyl.html\"><\/p>\n<p>Informationen aus dem Landratsamt Freising<\/p>\n<p><\/a><\/p>\n<\/li>\n<\/ul>\n<ul>\n<li>\n<p><a href=\"\/wang\/wp-content\/uploads\/sites\/3\/2022\/12\/Flchtlinge_und_Asylbewerber_untersttzen_Caritas.pdf\"><\/p>\n<p>Caritas &#8211; Fl\u00fcchtlinge und Asylbewerber begleiten und unterst\u00fctzen<\/p>\n<p><\/a><\/p>\n<\/li>\n<li>\n<p><a href=\"http:\/\/www.fluechtlingsrat-bayern.de\/\"><\/p>\n<p>Fl\u00fcchtlingsrat Bayern<\/p>\n<p><\/a><\/p>\n<\/li>\n<li>\n<p><a href=\"http:\/\/www.proasyl.de\/\"><\/p>\n<p>Pro Asyl<\/p>\n<p><\/a><\/p>\n<\/li>\n<li>\n<div>\n<p><a href=\"https:\/\/www.bamf.de\/DE\/Startseite\/startseite_node.html\">Bundesamt f\u00fcr Migration und Fl\u00fcchtlinge (BAMF)<\/a><\/p>\n<\/div>\n<\/li>\n<\/ul>\n<p><!--more--><br \/>\n<!-- {\"type\":\"layout\",\"children\":[{\"type\":\"section\",\"props\":{\"image_position\":\"center-center\",\"padding\":\"small\",\"padding_remove_bottom\":true,\"style\":\"default\",\"title_breakpoint\":\"xl\",\"title_position\":\"top-left\",\"title_rotation\":\"left\",\"vertical_align\":\"\",\"width\":\"default\"},\"children\":[{\"type\":\"row\",\"children\":[{\"type\":\"column\",\"props\":{\"image_position\":\"center-center\",\"position_sticky_breakpoint\":\"m\",\"width_medium\":\"1-1\"},\"children\":[{\"type\":\"breadcrumbs\",\"props\":{\"show_current\":true,\"show_home\":true}}]}]}]},{\"type\":\"section\",\"props\":{\"image_position\":\"center-center\",\"padding\":\"xsmall\",\"padding_remove_top\":false,\"style\":\"default\",\"title_breakpoint\":\"xl\",\"title_position\":\"top-left\",\"title_rotation\":\"left\",\"vertical_align\":\"\",\"width\":\"default\"},\"children\":[{\"type\":\"row\",\"children\":[{\"type\":\"column\",\"props\":{\"image_position\":\"center-center\",\"position_sticky_breakpoint\":\"m\"},\"children\":[{\"type\":\"headline\",\"props\":{\"content\":\"\n\n<p class=\\\"uk-article-title\\\">Soziales &amp; Asyl<\\\/p>\",\"margin\":\"large\",\"margin_remove_bottom\":true,\"title_element\":\"h1\"}},{\"type\":\"headline\",\"props\":{\"content\":\"\n\n<p>Haben Sie Fragen zum Thema Asyl oder zum Thema Ehrenamt in der Gemeinde Wang? <br \\\/>Zahlreiche Informationen finden Sie hier:<\\\/p>\",\"margin\":\"remove-vertical\",\"title_element\":\"h1\",\"title_style\":\"h3\"}},{\"type\":\"list\",\"props\":{\"column_breakpoint\":\"m\",\"image_align\":\"left\",\"image_svg_color\":\"emphasis\",\"image_vertical_align\":true,\"list_element\":\"ul\",\"list_horizontal_separator\":\", \",\"list_type\":\"vertical\",\"show_image\":true,\"show_link\":true},\"children\":[{\"type\":\"list_item\",\"props\":{\"content\":\"\n\n<p><a href=\\\"https:\\\/\\\/www.kreis-freising.de\\\/buergerservice\\\/themen\\\/ehrenamt\\\/ehrenamtskoordination.html\\\">Koordinierungsstelle Ehrenamt im Landkreis Freising<\\\/a><\\\/p>\",\"link_target\":true}}]},{\"type\":\"description_list\",\"props\":{\"column_breakpoint\":\"m\",\"layout\":\"grid-2\",\"list_element\":\"ul\",\"meta_align\":\"below-content\",\"meta_style\":\"text-meta\",\"show_content\":true,\"show_link\":true,\"show_meta\":true,\"show_title\":true,\"title_element\":\"div\",\"title_grid_column_gap\":\"small\",\"title_grid_row_gap\":\"small\",\"title_grid_width\":\"auto\"},\"children\":[{\"type\":\"description_list_item\",\"props\":{\"content\":\"\n\n<p>sozialamt.asyl@kreis-fs.de<\\\/p>\",\"link\":\"mailto:sozialamt.asyl@kreis-fs.de\",\"link_target\":true,\"title\":\"Bei Belange in <strong>Asylbewerberunterk\\u00fcnften:<\\\/strong>\"}}]},{\"type\":\"list\",\"props\":{\"column_breakpoint\":\"m\",\"image_align\":\"left\",\"image_svg_color\":\"emphasis\",\"image_vertical_align\":true,\"list_element\":\"ul\",\"list_horizontal_separator\":\", \",\"list_type\":\"vertical\",\"show_image\":true,\"show_link\":true},\"children\":[{\"type\":\"list_item\",\"props\":{\"content\":\"\n\n<p>Informationen zur psychosozialen Unterst\\u00fctzung von Gefl\\u00fcchteten<\\\/p>\",\"link\":\"https:\\\/\\\/www.refugio-muenchen.de\\\/ukraine\\\/\",\"link_target\":true}},{\"type\":\"list_item\",\"props\":{\"content\":\"\n\n<p>Arbeitsmarktzugang f\\u00fcr Fl\\u00fcchtlinge aus der Ukraine<\\\/p>\",\"link\":\"wp-content\\\/uploads\\\/sites\\\/3\\\/2022\\\/12\\\/2022_03_22_aktuelle_Informationen_zum_Arbeitsmarktzugang_fr_Flchtlinge_aus_der_Ukraine.pdf\",\"link_target\":true}},{\"type\":\"list_item\",\"props\":{\"content\":\"\n\n<p>Landratsamt FS zur Ukrainekrise f\\u00fcr Gefl\\u00fcchtete und Helfer, deutsch und ukrainisch<\\\/p>\",\"link\":\"https:\\\/\\\/www.kreis-freising.de\\\/aktuelle-informationen-zur-ukraine-krise.html\",\"link_target\":true}},{\"type\":\"list_item\",\"props\":{\"content\":\"\n\n<p>Deutschlernheft f\\u00fcr Ukrainer vom Verein Fl\\u00fcchtlingshilfe M\\u00fcnchen<\\\/p>\",\"link\":\"wp-content\\\/uploads\\\/sites\\\/3\\\/2022\\\/12\\\/Fluechtlingshilfe_Deutschheft_Ukrainisch.pdf\",\"link_target\":true}},{\"type\":\"list_item\",\"props\":{\"content\":\"\n\n<p>Sprachf\\u00fchrer zum Download Ukrainisch-Deutsch f\\u00fcr 1 Cent sowohl f\\u00fcr Fl\\u00fcchtlinge als auch f\\u00fcr Helfer<\\\/p>\",\"link\":\"https:\\\/\\\/www.freising-hilft.de\\\/infos-und-news\\\/kostenloser-ukrainisch-deutsch-sprachfuehrer\\\/\",\"link_target\":true}},{\"type\":\"list_item\",\"props\":{\"content\":\"\n\n<p><a href=\\\"https:\\\/\\\/www.caritas-biq-freising.de\\\/de\\\/rentabel-gebrauchtwarenhaus\\\">Sachspenden an Tante Emma e.V. in Moosburg, Rentabel\\\/Caritas in Freising<\\\/a> oder <a href=\\\"https:\\\/\\\/www.diakonie-arbeit-la.de\\\/\\\">Hab &amp; Gut\\\/Diakonie in Landshut<\\\/a><\\\/p>\"}},{\"type\":\"list_item\",\"props\":{\"content\":\"\n\n<p>Leitfaden f\\u00fcr Ehrenamtliche Fl\\u00fcchtlingsbetreuung Landkreis Freising<\\\/p>\",\"link\":\"wp-content\\\/uploads\\\/sites\\\/3\\\/2022\\\/12\\\/Information_fuer_Ehrenamtliche_in_der_Asylarbeit_02122019.pdf\",\"link_target\":true}}]},{\"type\":\"list\",\"props\":{\"column_breakpoint\":\"m\",\"image_align\":\"left\",\"image_svg_color\":\"emphasis\",\"image_vertical_align\":true,\"list_element\":\"ul\",\"list_horizontal_separator\":\", \",\"list_type\":\"vertical\",\"show_image\":true,\"show_link\":true},\"children\":[{\"type\":\"list_item\",\"props\":{\"content\":\"\n\n<p>Informationen zur <strong>Zeugnisanerkennung <\\\/strong>und der <strong>Anerkennung von Berufsabschl\\u00fcssen<\\\/strong> finden Sie unter:<\\\/p>\"}},{\"type\":\"list_item\",\"props\":{\"content\":\"\n\n<p>Zeugnisanerkennung (bayern.de)<\\\/p>\",\"link\":\"https:\\\/\\\/www.las.bayern.de\\\/zeugnisanerkennung\\\/zeugnisanerkennung.html\",\"link_target\":true}},{\"type\":\"list_item\",\"props\":{\"content\":\"\n\n<p>Berufliche Abschl\\u00fcsse (bayern.de)<\\\/p>\",\"link\":\"https:\\\/\\\/www.las.bayern.de\\\/zeugnisanerkennung\\\/berufliche_abschluesse\\\/berufliche_abschluesse.html\",\"link_target\":true}},{\"type\":\"list_item\",\"props\":{\"content\":\"\n\n<p>Anerkennung ausl\\u00e4ndischer Berufsabschl\\u00fcsse (ihk-muenchen.de)<\\\/p>\",\"link\":\"https:\\\/\\\/www.ihk-muenchen.de\\\/berufsanerkennung\\\/\",\"link_target\":true}}]},{\"type\":\"divider\",\"props\":{\"divider_element\":\"hr\"}},{\"type\":\"list\",\"props\":{\"column_breakpoint\":\"m\",\"image_align\":\"left\",\"image_svg_color\":\"emphasis\",\"image_vertical_align\":true,\"list_element\":\"ul\",\"list_horizontal_separator\":\", \",\"list_type\":\"vertical\",\"show_image\":true,\"show_link\":true},\"children\":[{\"type\":\"list_item\",\"props\":{\"content\":\"\n\n<p>Ehrenamtskoordination im Landratsamt Freising<\\\/p>\",\"link\":\"https:\\\/\\\/kreis-freising.de\\\/buergerservice\\\/themen\\\/ehrenamt.html\",\"link_target\":true}},{\"type\":\"list_item\",\"props\":{\"content\":\"\n\n<p>Helferkreis Asyl Wang<\\\/p>\",\"link\":\"wp-content\\\/uploads\\\/sites\\\/3\\\/2024\\\/07\\\/Helferkreis-Asyl-Ansprechpartner.pdf\",\"link_target\":true}},{\"type\":\"list_item\",\"props\":{\"content\":\"\n\n<p>Informationen aus dem Landratsamt Freising<\\\/p>\",\"link\":\"https:\\\/\\\/www.kreis-freising.de\\\/buergerservice\\\/themen\\\/asyl.html\",\"link_target\":true}}]},{\"type\":\"list\",\"props\":{\"column_breakpoint\":\"m\",\"icon\":\"world\",\"image_align\":\"left\",\"image_svg_color\":\"emphasis\",\"image_vertical_align\":true,\"list_element\":\"ul\",\"list_horizontal_separator\":\", \",\"list_type\":\"vertical\",\"show_image\":true,\"show_link\":true},\"children\":[{\"type\":\"list_item\",\"props\":{\"content\":\"\n\n<p>Caritas - Fl\\u00fcchtlinge und Asylbewerber begleiten und unterst\\u00fctzen<\\\/p>\",\"icon\":\"file-pdf\",\"link\":\"wp-content\\\/uploads\\\/sites\\\/3\\\/2022\\\/12\\\/Flchtlinge_und_Asylbewerber_untersttzen_Caritas.pdf\",\"link_target\":true}},{\"type\":\"list_item\",\"props\":{\"content\":\"\n\n<p>Fl\\u00fcchtlingsrat Bayern<\\\/p>\",\"link\":\"http:\\\/\\\/www.fluechtlingsrat-bayern.de\\\/\",\"link_target\":true}},{\"type\":\"list_item\",\"props\":{\"content\":\"\n\n<p>Pro Asyl<\\\/p>\",\"link\":\"http:\\\/\\\/www.proasyl.de\\\/\",\"link_target\":true}},{\"type\":\"list_item\",\"props\":{\"content\":\"\n\n<p><a href=\\\"https:\\\/\\\/www.bamf.de\\\/DE\\\/Startseite\\\/startseite_node.html\\\">Bundesamt f\\u00fcr Migration und Fl\\u00fcchtlinge (BAMF)<\\\/a><\\\/p>\",\"link_target\":true}}]}]}]}]}],\"version\":\"4.4.16\"} --><\/p>\n","protected":false},"excerpt":{"rendered":"<p>Soziales &amp; Asyl Haben Sie Fragen zum Thema Asyl oder zum Thema Ehrenamt in der Gemeinde Wang? Zahlreiche Informationen finden Sie hier: Koordinierungsstelle Ehrenamt im Landkreis Freising Bei Belange in Asylbewerberunterk\u00fcnften: sozialamt.asyl@kreis-fs.de Informationen zur psychosozialen Unterst\u00fctzung von Gefl\u00fcchteten Arbeitsmarktzugang f\u00fcr Fl\u00fcchtlinge aus der Ukraine Landratsamt FS zur Ukrainekrise f\u00fcr Gefl\u00fcchtete und Helfer, deutsch und ukrainisch [&hellip;]<\/p>\n","protected":false},"author":1,"featured_media":0,"comment_status":"closed","ping_status":"open","sticky":false,"template":"","format":"standard","meta":{"footnotes":""},"categories":[11,1],"tags":[],"class_list":["post-1268","post","type-post","status-publish","format-standard","hentry","category-gemeinde","category-uncategorized"],"publishpress_future_action":{"enabled":false,"date":"2026-05-06 19:39:17","action":"change-status","newStatus":"draft","terms":[],"taxonomy":"category","extraData":[]},"publishpress_future_workflow_manual_trigger":{"enabledWorkflows":[]},"_links":{"self":[{"href":"https:\/\/vg-mauern.de\/wang\/wp-json\/wp\/v2\/posts\/1268","targetHints":{"allow":["GET"]}}],"collection":[{"href":"https:\/\/vg-mauern.de\/wang\/wp-json\/wp\/v2\/posts"}],"about":[{"href":"https:\/\/vg-mauern.de\/wang\/wp-json\/wp\/v2\/types\/post"}],"author":[{"embeddable":true,"href":"https:\/\/vg-mauern.de\/wang\/wp-json\/wp\/v2\/users\/1"}],"replies":[{"embeddable":true,"href":"https:\/\/vg-mauern.de\/wang\/wp-json\/wp\/v2\/comments?post=1268"}],"version-history":[{"count":10,"href":"https:\/\/vg-mauern.de\/wang\/wp-json\/wp\/v2\/posts\/1268\/revisions"}],"predecessor-version":[{"id":3501,"href":"https:\/\/vg-mauern.de\/wang\/wp-json\/wp\/v2\/posts\/1268\/revisions\/3501"}],"wp:attachment":[{"href":"https:\/\/vg-mauern.de\/wang\/wp-json\/wp\/v2\/media?parent=1268"}],"wp:term":[{"taxonomy":"category","embeddable":true,"href":"https:\/\/vg-mauern.de\/wang\/wp-json\/wp\/v2\/categories?post=1268"},{"taxonomy":"post_tag","embeddable":true,"href":"https:\/\/vg-mauern.de\/wang\/wp-json\/wp\/v2\/tags?post=1268"}],"curies":[{"name":"wp","href":"https:\/\/api.w.org\/{rel}","templated":true}]}}