{"id":149,"date":"2022-03-23T15:59:00","date_gmt":"2022-03-23T14:59:00","guid":{"rendered":"https:\/\/demo.vg-mauern.de\/wang\/?p=149"},"modified":"2022-03-23T16:25:18","modified_gmt":"2022-03-23T15:25:18","slug":"erlass-einer-einbeziehungssatzung-waldstrasse-nr-108-volkmannsdorferau-gemeinde-wang","status":"publish","type":"post","link":"https:\/\/vg-mauern.de\/wang\/erlass-einer-einbeziehungssatzung-waldstrasse-nr-108-volkmannsdorferau-gemeinde-wang\/","title":{"rendered":"Erlass einer Einbeziehungssatzung \u201eWaldstra\u00dfe\u201c, (Nr. 108), Volkmannsdorferau, Gemeinde Wang"},"content":{"rendered":"\n<p>Der Gemeinderat Wang hat in seiner Sitzung vom 23.09.2020 den Erlass einer Einbeziehungssatzung \u201eWaldstra\u00dfe\u201c, (Nr. 108), Volkmannsdorferau, Gemeinde Wang, beschlossen. Es soll damit ein Teilgrundst\u00fcck in den im Zusammenhang bebauten Ort Volkmannsdorferau mit einbezogen werden.<\/p>\n\n\n\n<p>Die Bauleitplanung wird im vereinfachten Verfahren nach \u00a7 13 Abs. 2 BauGB durchgef\u00fchrt.<\/p>\n\n\n\n<p>In diesem wird von einer Umweltpr\u00fcfung nach \u00a7 2 Abs. 4 BauGB abgesehen.&nbsp;<\/p>\n\n\n\n<p>Geltungsbereich\/Umgrenzung des Plangebietes:&nbsp;&nbsp;&nbsp;&nbsp;&nbsp;&nbsp;&nbsp;&nbsp;&nbsp;&nbsp;&nbsp;&nbsp;&nbsp;&nbsp;&nbsp;&nbsp;&nbsp;&nbsp;&nbsp;&nbsp;&nbsp;&nbsp;&nbsp;&nbsp;&nbsp;&nbsp;&nbsp;&nbsp;&nbsp;&nbsp;&nbsp;&nbsp;&nbsp;&nbsp;&nbsp;<\/p>\n\n\n\n<p>Ziel und Zweck der Satzung ist es, das Grundst\u00fcck FlNr. 121\/14 der Gemarkung Volkmannsdorferau, das sich aktuell im Au\u00dfenbereich befindet und im Zusammenhang zum bebauten Ortsteil steht und dessen bauliche Nutzung gepr\u00e4gt ist, einzubeziehen.<\/p>\n\n\n\n<p>Der Planungsumgriff wird folgenderma\u00dfen begrenzt:<\/p>\n\n\n\n<p>Norden: \u00a0\u00a0\u00a0\u00a0\u00a0\u00a0\u00a0\u00a0\u00a0 FlNr. 121\/10 (Wohnbaunutzung)<br>Osten: \u00a0\u00a0\u00a0\u00a0\u00a0\u00a0\u00a0\u00a0\u00a0\u00a0\u00a0 FlNr. 225 (Waldstra\u00dfe)<br>S\u00fcden: \u00a0\u00a0\u00a0\u00a0\u00a0\u00a0\u00a0\u00a0\u00a0\u00a0 FlNr. 121 (landwirtschaftliche Nutzfl\u00e4che)<br>Westen: \u00a0\u00a0\u00a0\u00a0\u00a0\u00a0\u00a0\u00a0 FlNr. 121 (landwirtschaftliche Nutzfl\u00e4che)<\/p>\n\n\n\n<p>Das Planungsgebiet wird als Allgemeines Wohngebiet (WA nach \u00a7 4 BauGB) ausgewiesen.<\/p>\n\n\n\n<p>Die verkehrliche Erschlie\u00dfung erfolgt durch die bestehende Ortserschlie\u00dfung der Waldstra\u00dfe, die an die Isarstra\u00dfe (Kreisstra\u00dfe FS 17) und im Weiteren an die Staatsstra\u00dfe 2350 anbindet und als gesichert zu betrachten ist. Zus\u00e4tzliche infrastrukturelle Einrichtungen sind nicht erforderlich und daher nicht geplant.<\/p>\n\n\n\n<p>Der Gesamtumgriff der Satzung erstreckt sich auf eine Gesamtfl\u00e4che von 537 m\u00b2.<\/p>\n\n\n\n<figure class=\"wp-block-image size-full\"><img loading=\"lazy\" decoding=\"async\" width=\"401\" height=\"443\" src=\"https:\/\/demo.vg-mauern.de\/wang\/wp-content\/uploads\/sites\/3\/2022\/03\/108.jpg\" alt=\"\" class=\"wp-image-151\" srcset=\"https:\/\/vg-mauern.de\/wang\/wp-content\/uploads\/sites\/3\/2022\/03\/108.jpg 401w, https:\/\/vg-mauern.de\/wang\/wp-content\/uploads\/sites\/3\/2022\/03\/108-272x300.jpg 272w\" sizes=\"auto, (max-width: 401px) 100vw, 401px\" \/><\/figure>\n\n\n\n<p>Die Satzung ist mit Bekanntgabe am 19.02.2021 in Kraft getreten.<\/p>\n\n\n\n<p><strong>Downloads:<\/strong><br><a href=\"\/wp-content\/uploads\/sites\/3\/2022\/03\/1_plan_waldstrasse.pdf\" data-type=\"URL\" data-id=\"\/wp-content\/uploads\/sites\/3\/2022\/03\/1_plan_waldstrasse.pdf\" target=\"_blank\" rel=\"noreferrer noopener\">Plan<\/a><br><a href=\"\/wp-content\/uploads\/sites\/3\/2022\/03\/2_beguerndung_waldstrasse.pdf\" data-type=\"URL\" data-id=\"\/wp-content\/uploads\/sites\/3\/2022\/03\/2_beguerndung_waldstrasse.pdf\" target=\"_blank\" rel=\"noreferrer noopener\">Begr\u00fcndung<\/a><br><a href=\"\/wp-content\/uploads\/sites\/3\/2022\/03\/3_zusammenfassende_erklaerung_waldstrasse.pdf\" data-type=\"URL\" data-id=\"\/wp-content\/uploads\/sites\/3\/2022\/03\/3_zusammenfassende_erklaerung_waldstrasse.pdf\" target=\"_blank\" rel=\"noreferrer noopener\">Zusammenfassende Erkl\u00e4rung<\/a><br><a href=\"\/wp-content\/uploads\/sites\/3\/2022\/03\/4_bekanntmachung_waldstrasse.pdf\" data-type=\"URL\" data-id=\"\/wp-content\/uploads\/sites\/3\/2022\/03\/4_bekanntmachung_waldstrasse.pdf\" target=\"_blank\" rel=\"noreferrer noopener\">Bekanntmachung<\/a><\/p>\n","protected":false},"excerpt":{"rendered":"<p>Der Gemeinderat Wang hat in seiner Sitzung vom 23.09.2020 den Erlass einer Einbeziehungssatzung \u201eWaldstra\u00dfe\u201c, (Nr. 108), Volkmannsdorferau, Gemeinde Wang, beschlossen. Es soll damit ein Teilgrundst\u00fcck in den im Zusammenhang bebauten Ort Volkmannsdorferau mit einbezogen werden. Die Bauleitplanung wird im vereinfachten Verfahren nach \u00a7 13 Abs. 2 BauGB durchgef\u00fchrt. In diesem wird von einer Umweltpr\u00fcfung nach [&hellip;]<\/p>\n","protected":false},"author":1,"featured_media":0,"comment_status":"closed","ping_status":"open","sticky":false,"template":"","format":"standard","meta":{"footnotes":""},"categories":[8],"tags":[],"class_list":["post-149","post","type-post","status-publish","format-standard","hentry","category-einbeziehungssatzungen"],"publishpress_future_action":{"enabled":false,"date":"2026-05-06 23:22:52","action":"change-status","newStatus":"draft","terms":[],"taxonomy":"category","extraData":[]},"publishpress_future_workflow_manual_trigger":{"enabledWorkflows":[]},"_links":{"self":[{"href":"https:\/\/vg-mauern.de\/wang\/wp-json\/wp\/v2\/posts\/149","targetHints":{"allow":["GET"]}}],"collection":[{"href":"https:\/\/vg-mauern.de\/wang\/wp-json\/wp\/v2\/posts"}],"about":[{"href":"https:\/\/vg-mauern.de\/wang\/wp-json\/wp\/v2\/types\/post"}],"author":[{"embeddable":true,"href":"https:\/\/vg-mauern.de\/wang\/wp-json\/wp\/v2\/users\/1"}],"replies":[{"embeddable":true,"href":"https:\/\/vg-mauern.de\/wang\/wp-json\/wp\/v2\/comments?post=149"}],"version-history":[{"count":1,"href":"https:\/\/vg-mauern.de\/wang\/wp-json\/wp\/v2\/posts\/149\/revisions"}],"predecessor-version":[{"id":156,"href":"https:\/\/vg-mauern.de\/wang\/wp-json\/wp\/v2\/posts\/149\/revisions\/156"}],"wp:attachment":[{"href":"https:\/\/vg-mauern.de\/wang\/wp-json\/wp\/v2\/media?parent=149"}],"wp:term":[{"taxonomy":"category","embeddable":true,"href":"https:\/\/vg-mauern.de\/wang\/wp-json\/wp\/v2\/categories?post=149"},{"taxonomy":"post_tag","embeddable":true,"href":"https:\/\/vg-mauern.de\/wang\/wp-json\/wp\/v2\/tags?post=149"}],"curies":[{"name":"wp","href":"https:\/\/api.w.org\/{rel}","templated":true}]}}