{"id":3642,"date":"2026-01-12T11:14:59","date_gmt":"2026-01-12T10:14:59","guid":{"rendered":"https:\/\/vg-mauern.de\/wang\/?p=3642"},"modified":"2026-01-12T11:48:46","modified_gmt":"2026-01-12T10:48:46","slug":"grundsteuer-in-bayern-anzeige-von-aenderungen","status":"publish","type":"post","link":"https:\/\/vg-mauern.de\/wang\/grundsteuer-in-bayern-anzeige-von-aenderungen\/","title":{"rendered":"Grundsteuer in Bayern &#8211; Anzeige von \u00c4nderungen"},"content":{"rendered":"<h1>Worum geht es?<\/h1>\n<div>\n<p>F\u00fcr jedes Grundst\u00fcck und f\u00fcr jeden Betrieb der Land- und Forstwirtschaft muss Grundsteuer bezahlt werden. Die H\u00f6he der Grundsteuer bemisst sich unter anderem nach der Gr\u00f6\u00dfe und der Nutzung des Grundbesitzes.<\/p>\n<\/div>\n<p>\n    <a href=\"\/wang\/wp-content\/uploads\/sites\/3\/2026\/01\/Grundsteuer-Anzeige-von-Aenderungen.pdf\">Weitere Informationen erhalten Sie hier<\/a>\n<\/p>\n<hr>\n<p><!--more--><br \/>\n<!-- {\"type\":\"layout\",\"children\":[{\"type\":\"section\",\"props\":{\"image_position\":\"center-center\",\"padding\":\"small\",\"padding_remove_bottom\":true,\"style\":\"default\",\"title_breakpoint\":\"xl\",\"title_position\":\"top-left\",\"title_rotation\":\"left\",\"vertical_align\":\"\",\"width\":\"default\"},\"children\":[{\"type\":\"row\",\"children\":[{\"type\":\"column\",\"props\":{\"image_position\":\"center-center\",\"position_sticky_breakpoint\":\"m\",\"width_medium\":\"1-1\"},\"children\":[{\"type\":\"breadcrumbs\",\"props\":{\"show_current\":true,\"show_home\":true}}]}]}]},{\"type\":\"section\",\"props\":{\"image_position\":\"center-center\",\"padding\":\"xsmall\",\"padding_remove_top\":false,\"style\":\"default\",\"title_breakpoint\":\"xl\",\"title_position\":\"top-left\",\"title_rotation\":\"left\",\"vertical_align\":\"\",\"width\":\"default\"},\"children\":[{\"type\":\"row\",\"children\":[{\"type\":\"column\",\"props\":{\"image_position\":\"center-center\",\"position_sticky_breakpoint\":\"m\"},\"children\":[{\"type\":\"headline\",\"props\":{\"content\":\"Worum geht es?\",\"margin\":\"remove-vertical\",\"title_color\":\"primary\",\"title_element\":\"h1\",\"title_style\":\"h3\"},\"name\":\"Unter\\u00fcberschrift\"},{\"type\":\"text\",\"props\":{\"column_breakpoint\":\"m\",\"content\":\"\n\n<p>F\\u00fcr jedes Grundst\\u00fcck und f\\u00fcr jeden Betrieb der Land- und Forstwirtschaft muss Grundsteuer bezahlt werden. Die H\\u00f6he der Grundsteuer bemisst sich unter anderem nach der Gr\\u00f6\\u00dfe und der Nutzung des Grundbesitzes.<\\\/p>\",\"margin\":\"default\"}},{\"type\":\"button\",\"props\":{\"grid_column_gap\":\"small\",\"grid_row_gap\":\"small\",\"margin\":\"default\"},\"children\":[{\"type\":\"button_item\",\"props\":{\"button_style\":\"default\",\"content\":\"Weitere Informationen erhalten Sie hier\",\"icon_align\":\"left\",\"link\":\"wp-content\\\/uploads\\\/sites\\\/3\\\/2026\\\/01\\\/Grundsteuer-Anzeige-von-Aenderungen.pdf\",\"link_target\":\"blank\"}}]}]}]},{\"type\":\"row\",\"children\":[{\"type\":\"column\",\"props\":{\"image_position\":\"center-center\",\"position_sticky_breakpoint\":\"m\"},\"children\":[{\"type\":\"divider\",\"props\":{\"divider_element\":\"hr\",\"margin\":\"medium\"}}]}]},{\"type\":\"row\",\"props\":{\"layout\":\"2-5,3-5\"},\"children\":[{\"type\":\"column\",\"props\":{\"image_position\":\"center-center\",\"position_sticky_breakpoint\":\"m\",\"width_medium\":\"2-5\"}},{\"type\":\"column\",\"props\":{\"image_position\":\"center-center\",\"position_sticky_breakpoint\":\"m\",\"width_medium\":\"3-5\"}}]}],\"name\":\"Beitragsinhalt\"}],\"version\":\"4.4.16\"} --><\/p>\n","protected":false},"excerpt":{"rendered":"<p>Worum geht es? F\u00fcr jedes Grundst\u00fcck und f\u00fcr jeden Betrieb der Land- und Forstwirtschaft muss Grundsteuer bezahlt werden. Die H\u00f6he der Grundsteuer bemisst sich unter anderem nach der Gr\u00f6\u00dfe und der Nutzung des Grundbesitzes. Weitere Informationen erhalten Sie hier<\/p>\n","protected":false},"author":5,"featured_media":0,"comment_status":"closed","ping_status":"open","sticky":false,"template":"","format":"standard","meta":{"footnotes":""},"categories":[3],"tags":[],"class_list":["post-3642","post","type-post","status-publish","format-standard","hentry","category-news"],"publishpress_future_action":{"enabled":true,"date":"2026-07-19 11:10:00","action":"change-status","newStatus":"draft","terms":[0],"taxonomy":"category","extraData":[]},"publishpress_future_workflow_manual_trigger":{"enabledWorkflows":[]},"_links":{"self":[{"href":"https:\/\/vg-mauern.de\/wang\/wp-json\/wp\/v2\/posts\/3642","targetHints":{"allow":["GET"]}}],"collection":[{"href":"https:\/\/vg-mauern.de\/wang\/wp-json\/wp\/v2\/posts"}],"about":[{"href":"https:\/\/vg-mauern.de\/wang\/wp-json\/wp\/v2\/types\/post"}],"author":[{"embeddable":true,"href":"https:\/\/vg-mauern.de\/wang\/wp-json\/wp\/v2\/users\/5"}],"replies":[{"embeddable":true,"href":"https:\/\/vg-mauern.de\/wang\/wp-json\/wp\/v2\/comments?post=3642"}],"version-history":[{"count":4,"href":"https:\/\/vg-mauern.de\/wang\/wp-json\/wp\/v2\/posts\/3642\/revisions"}],"predecessor-version":[{"id":3647,"href":"https:\/\/vg-mauern.de\/wang\/wp-json\/wp\/v2\/posts\/3642\/revisions\/3647"}],"wp:attachment":[{"href":"https:\/\/vg-mauern.de\/wang\/wp-json\/wp\/v2\/media?parent=3642"}],"wp:term":[{"taxonomy":"category","embeddable":true,"href":"https:\/\/vg-mauern.de\/wang\/wp-json\/wp\/v2\/categories?post=3642"},{"taxonomy":"post_tag","embeddable":true,"href":"https:\/\/vg-mauern.de\/wang\/wp-json\/wp\/v2\/tags?post=3642"}],"curies":[{"name":"wp","href":"https:\/\/api.w.org\/{rel}","templated":true}]}}